{"id":146953,"date":"2026-09-05T03:41:17","date_gmt":"2026-09-05T06:41:17","guid":{"rendered":"https:\/\/www.delibresparaelmundo.com.ar\/index.php\/2026\/09\/05\/kicillof-critico-el-mensaje-en-cadena-de-milei-sobre-malvinas-y-lanzo-una-ironia-pense-que-era-inteligencia-artificial\/"},"modified":"2026-09-05T03:41:17","modified_gmt":"2026-09-05T06:41:17","slug":"kicillof-critico-el-mensaje-en-cadena-de-milei-sobre-malvinas-y-lanzo-una-ironia-pense-que-era-inteligencia-artificial","status":"publish","type":"post","link":"https:\/\/www.delibresparaelmundo.com.ar\/index.php\/2026\/09\/05\/kicillof-critico-el-mensaje-en-cadena-de-milei-sobre-malvinas-y-lanzo-una-ironia-pense-que-era-inteligencia-artificial\/","title":{"rendered":"Kicillof critic\u00f3 el mensaje en cadena de Milei sobre Malvinas y lanz\u00f3 una iron\u00eda: \u00abPens\u00e9 que era Inteligencia Artificial\u00bb"},"content":{"rendered":"<ul>\n<li>El gobernador bonaerense que planea pelearle la presidencia al libertario sostuvo que \u00abla Patria no se vende ni se act\u00faa\u00bb.<\/li>\n<li>Acus\u00f3 al Presidente de que \u00ablos \u00fanicos intereses nacionales que defendi\u00f3 este gobierno son los de Estados Unidos\u00bb.<\/li>\n<\/ul>\n<p>El gobernador bonaerense que planea pelearle la presidencia al libertario sostuvo que \u00abla Patria no se vende ni se act\u00faa\u00bb.Acus\u00f3 al Presidente de que \u00ablos \u00fanicos intereses nacionales que defendi\u00f3 este gobierno son los de Estados Unidos\u00bb.<\/p>","protected":false},"excerpt":{"rendered":"<p>El gobernador bonaerense que planea pelearle la presidencia al libertario sostuvo que \u00abla Patria no se vende ni se act\u00faa\u00bb. Acus\u00f3 al Presidente de que \u00ablos \u00fanicos intereses nacionales que defendi\u00f3 este gobierno son los de Estados Unidos\u00bb. El gobernador bonaerense que planea pelearle la presidencia al libertario sostuvo que \u00abla Patria no se vende [&hellip;]<\/p>\n","protected":false},"author":1,"featured_media":146954,"comment_status":"open","ping_status":"open","sticky":false,"template":"","format":"standard","meta":{"footnotes":""},"categories":[12],"tags":[],"class_list":["post-146953","post","type-post","status-publish","format-standard","has-post-thumbnail","hentry","category-nacionales"],"_links":{"self":[{"href":"https:\/\/www.delibresparaelmundo.com.ar\/index.php\/wp-json\/wp\/v2\/posts\/146953","targetHints":{"allow":["GET"]}}],"collection":[{"href":"https:\/\/www.delibresparaelmundo.com.ar\/index.php\/wp-json\/wp\/v2\/posts"}],"about":[{"href":"https:\/\/www.delibresparaelmundo.com.ar\/index.php\/wp-json\/wp\/v2\/types\/post"}],"author":[{"embeddable":true,"href":"https:\/\/www.delibresparaelmundo.com.ar\/index.php\/wp-json\/wp\/v2\/users\/1"}],"replies":[{"embeddable":true,"href":"https:\/\/www.delibresparaelmundo.com.ar\/index.php\/wp-json\/wp\/v2\/comments?post=146953"}],"version-history":[{"count":0,"href":"https:\/\/www.delibresparaelmundo.com.ar\/index.php\/wp-json\/wp\/v2\/posts\/146953\/revisions"}],"wp:featuredmedia":[{"embeddable":true,"href":"https:\/\/www.delibresparaelmundo.com.ar\/index.php\/wp-json\/wp\/v2\/media\/146954"}],"wp:attachment":[{"href":"https:\/\/www.delibresparaelmundo.com.ar\/index.php\/wp-json\/wp\/v2\/media?parent=146953"}],"wp:term":[{"taxonomy":"category","embeddable":true,"href":"https:\/\/www.delibresparaelmundo.com.ar\/index.php\/wp-json\/wp\/v2\/categories?post=146953"},{"taxonomy":"post_tag","embeddable":true,"href":"https:\/\/www.delibresparaelmundo.com.ar\/index.php\/wp-json\/wp\/v2\/tags?post=146953"}],"curies":[{"name":"wp","href":"https:\/\/api.w.org\/{rel}","templated":true}]}}