{"id":146955,"date":"2026-09-05T03:41:17","date_gmt":"2026-09-05T06:41:17","guid":{"rendered":"https:\/\/www.delibresparaelmundo.com.ar\/index.php\/2026\/09\/05\/detuvieron-al-hermano-de-un-intendente-bonaerense-le-disparo-a-un-hombre-y-tenia-pedido-de-captura-por-robo\/"},"modified":"2026-09-05T03:41:17","modified_gmt":"2026-09-05T06:41:17","slug":"detuvieron-al-hermano-de-un-intendente-bonaerense-le-disparo-a-un-hombre-y-tenia-pedido-de-captura-por-robo","status":"publish","type":"post","link":"https:\/\/www.delibresparaelmundo.com.ar\/index.php\/2026\/09\/05\/detuvieron-al-hermano-de-un-intendente-bonaerense-le-disparo-a-un-hombre-y-tenia-pedido-de-captura-por-robo\/","title":{"rendered":"Detuvieron al hermano de un intendente bonaerense: le dispar\u00f3 a un hombre y ten\u00eda pedido de captura por robo"},"content":{"rendered":"<ul>\n<li>Ocurri\u00f3 en Punta Alta, donde gobierna el axelista Rodrigo Aristimu\u00f1o.<\/li>\n<li>El acusado hab\u00eda afrontado a\u00f1os atr\u00e1s otra causa por narcotr\u00e1fico.<\/li>\n<\/ul>\n<p>Ocurri\u00f3 en Punta Alta, donde gobierna el axelista Rodrigo Aristimu\u00f1o.El acusado hab\u00eda afrontado a\u00f1os atr\u00e1s otra causa por narcotr\u00e1fico.<\/p>","protected":false},"excerpt":{"rendered":"<p>Ocurri\u00f3 en Punta Alta, donde gobierna el axelista Rodrigo Aristimu\u00f1o. El acusado hab\u00eda afrontado a\u00f1os atr\u00e1s otra causa por narcotr\u00e1fico. Ocurri\u00f3 en Punta Alta, donde gobierna el axelista Rodrigo Aristimu\u00f1o.El acusado hab\u00eda afrontado a\u00f1os atr\u00e1s otra causa por narcotr\u00e1fico.<\/p>\n","protected":false},"author":1,"featured_media":146956,"comment_status":"open","ping_status":"open","sticky":false,"template":"","format":"standard","meta":{"footnotes":""},"categories":[12],"tags":[],"class_list":["post-146955","post","type-post","status-publish","format-standard","has-post-thumbnail","hentry","category-nacionales"],"_links":{"self":[{"href":"https:\/\/www.delibresparaelmundo.com.ar\/index.php\/wp-json\/wp\/v2\/posts\/146955","targetHints":{"allow":["GET"]}}],"collection":[{"href":"https:\/\/www.delibresparaelmundo.com.ar\/index.php\/wp-json\/wp\/v2\/posts"}],"about":[{"href":"https:\/\/www.delibresparaelmundo.com.ar\/index.php\/wp-json\/wp\/v2\/types\/post"}],"author":[{"embeddable":true,"href":"https:\/\/www.delibresparaelmundo.com.ar\/index.php\/wp-json\/wp\/v2\/users\/1"}],"replies":[{"embeddable":true,"href":"https:\/\/www.delibresparaelmundo.com.ar\/index.php\/wp-json\/wp\/v2\/comments?post=146955"}],"version-history":[{"count":0,"href":"https:\/\/www.delibresparaelmundo.com.ar\/index.php\/wp-json\/wp\/v2\/posts\/146955\/revisions"}],"wp:featuredmedia":[{"embeddable":true,"href":"https:\/\/www.delibresparaelmundo.com.ar\/index.php\/wp-json\/wp\/v2\/media\/146956"}],"wp:attachment":[{"href":"https:\/\/www.delibresparaelmundo.com.ar\/index.php\/wp-json\/wp\/v2\/media?parent=146955"}],"wp:term":[{"taxonomy":"category","embeddable":true,"href":"https:\/\/www.delibresparaelmundo.com.ar\/index.php\/wp-json\/wp\/v2\/categories?post=146955"},{"taxonomy":"post_tag","embeddable":true,"href":"https:\/\/www.delibresparaelmundo.com.ar\/index.php\/wp-json\/wp\/v2\/tags?post=146955"}],"curies":[{"name":"wp","href":"https:\/\/api.w.org\/{rel}","templated":true}]}}