{"id":146959,"date":"2026-09-05T15:41:03","date_gmt":"2026-09-05T18:41:03","guid":{"rendered":"https:\/\/www.delibresparaelmundo.com.ar\/index.php\/2026\/09\/05\/velez-presento-ante-la-afa-el-reclamo-por-alineacion-indebida-de-boca-en-el-partido-de-copa-argentina-y-pide-que-le-den-la-clasificacion\/"},"modified":"2026-09-05T15:41:03","modified_gmt":"2026-09-05T18:41:03","slug":"velez-presento-ante-la-afa-el-reclamo-por-alineacion-indebida-de-boca-en-el-partido-de-copa-argentina-y-pide-que-le-den-la-clasificacion","status":"publish","type":"post","link":"https:\/\/www.delibresparaelmundo.com.ar\/index.php\/2026\/09\/05\/velez-presento-ante-la-afa-el-reclamo-por-alineacion-indebida-de-boca-en-el-partido-de-copa-argentina-y-pide-que-le-den-la-clasificacion\/","title":{"rendered":"V\u00e9lez present\u00f3 ante la AFA el reclamo por \u00abalineaci\u00f3n indebida\u00bb de Boca en el partido de Copa Argentina y pide que le den la clasificaci\u00f3n"},"content":{"rendered":"<ul>\n<li>La instituci\u00f3n de Liniers realiz\u00f3 el pedido ante el Tribunal de Disciplina.<\/li>\n<li>Aduce que su rival suscribi\u00f3 a seis extranjeros en la planilla oficial.<\/li>\n<li>\u00bfQu\u00e9 dice el reglamento?<\/li>\n<\/ul>\n<p>La instituci\u00f3n de Liniers realiz\u00f3 el pedido ante el Tribunal de Disciplina.Aduce que su rival suscribi\u00f3 a seis extranjeros en la planilla oficial.\u00bfQu\u00e9 dice el reglamento?<img decoding=\"async\" src=\"https:\/\/www.clarin.com\/img\/2026\/09\/02\/yp1UP4Rku_1200x630__1.jpg\" title=\"V\u00e9lez present\u00f3 ante la AFA el reclamo por \" \/><a href=\"https:\/\/www.clarin.com\/deportes\/velez-presento-afa-reclamo-alineacion-indebida-boca-partido-copa-argentina-pide-den-clasificacion_0_pMyNpBtOeA.html\" target=\"_blank\" class=\"feedzy-rss-link-icon\">Leer m\u00e1s<\/a><\/p>","protected":false},"excerpt":{"rendered":"<p>La instituci\u00f3n de Liniers realiz\u00f3 el pedido ante el Tribunal de Disciplina. Aduce que su rival suscribi\u00f3 a seis extranjeros en la planilla oficial. \u00bfQu\u00e9 dice el reglamento? La instituci\u00f3n de Liniers realiz\u00f3 el pedido ante el Tribunal de Disciplina.Aduce que su rival suscribi\u00f3 a seis extranjeros en la planilla oficial.\u00bfQu\u00e9 dice el reglamento?Leer m\u00e1s<\/p>\n","protected":false},"author":1,"featured_media":0,"comment_status":"open","ping_status":"open","sticky":false,"template":"","format":"standard","meta":{"footnotes":""},"categories":[5],"tags":[],"class_list":["post-146959","post","type-post","status-publish","format-standard","has-post-thumbnail","hentry","category-deportes"],"_links":{"self":[{"href":"https:\/\/www.delibresparaelmundo.com.ar\/index.php\/wp-json\/wp\/v2\/posts\/146959","targetHints":{"allow":["GET"]}}],"collection":[{"href":"https:\/\/www.delibresparaelmundo.com.ar\/index.php\/wp-json\/wp\/v2\/posts"}],"about":[{"href":"https:\/\/www.delibresparaelmundo.com.ar\/index.php\/wp-json\/wp\/v2\/types\/post"}],"author":[{"embeddable":true,"href":"https:\/\/www.delibresparaelmundo.com.ar\/index.php\/wp-json\/wp\/v2\/users\/1"}],"replies":[{"embeddable":true,"href":"https:\/\/www.delibresparaelmundo.com.ar\/index.php\/wp-json\/wp\/v2\/comments?post=146959"}],"version-history":[{"count":0,"href":"https:\/\/www.delibresparaelmundo.com.ar\/index.php\/wp-json\/wp\/v2\/posts\/146959\/revisions"}],"wp:attachment":[{"href":"https:\/\/www.delibresparaelmundo.com.ar\/index.php\/wp-json\/wp\/v2\/media?parent=146959"}],"wp:term":[{"taxonomy":"category","embeddable":true,"href":"https:\/\/www.delibresparaelmundo.com.ar\/index.php\/wp-json\/wp\/v2\/categories?post=146959"},{"taxonomy":"post_tag","embeddable":true,"href":"https:\/\/www.delibresparaelmundo.com.ar\/index.php\/wp-json\/wp\/v2\/tags?post=146959"}],"curies":[{"name":"wp","href":"https:\/\/api.w.org\/{rel}","templated":true}]}}