{"id":146963,"date":"2026-09-05T15:41:03","date_gmt":"2026-09-05T18:41:03","guid":{"rendered":"https:\/\/www.delibresparaelmundo.com.ar\/index.php\/2026\/09\/05\/la-reaccion-de-la-asamblea-legislativa-de-malvinas-las-amenazas-y-reclamos-nunca-han-frenado-nuestro-desarrollo-en-el-pasado-y-no-lo-haran-ahora\/"},"modified":"2026-09-05T15:41:03","modified_gmt":"2026-09-05T18:41:03","slug":"la-reaccion-de-la-asamblea-legislativa-de-malvinas-las-amenazas-y-reclamos-nunca-han-frenado-nuestro-desarrollo-en-el-pasado-y-no-lo-haran-ahora","status":"publish","type":"post","link":"https:\/\/www.delibresparaelmundo.com.ar\/index.php\/2026\/09\/05\/la-reaccion-de-la-asamblea-legislativa-de-malvinas-las-amenazas-y-reclamos-nunca-han-frenado-nuestro-desarrollo-en-el-pasado-y-no-lo-haran-ahora\/","title":{"rendered":"La reacci\u00f3n de la Asamblea Legislativa de Malvinas: \u00abLas amenazas y reclamos nunca han frenado nuestro desarrollo en el pasado, y no lo har\u00e1n ahora\u00bb"},"content":{"rendered":"<ul>\n<li>A trav\u00e9s de un comunicado, volvieron a reclamar el derecho a la autodeterminaci\u00f3n de los pueblos.<\/li>\n<li>\u00abNuestra comunidad se ha enfrentado muchas veces a este tipo de presiones\u00bb, se\u00f1alaron y agradecieron el apoyo de todo el Reino Unido.<\/li>\n<\/ul>\n<p>A trav\u00e9s de un comunicado, volvieron a reclamar el derecho a la autodeterminaci\u00f3n de los pueblos.\u00bbNuestra comunidad se ha enfrentado muchas veces a este tipo de presiones\u00bb, se\u00f1alaron y agradecieron el apoyo de todo el Reino Unido.<\/p>","protected":false},"excerpt":{"rendered":"<p>A trav\u00e9s de un comunicado, volvieron a reclamar el derecho a la autodeterminaci\u00f3n de los pueblos. \u00abNuestra comunidad se ha enfrentado muchas veces a este tipo de presiones\u00bb, se\u00f1alaron y agradecieron el apoyo de todo el Reino Unido. A trav\u00e9s de un comunicado, volvieron a reclamar el derecho a la autodeterminaci\u00f3n de los pueblos.\u00bbNuestra comunidad [&hellip;]<\/p>\n","protected":false},"author":1,"featured_media":146964,"comment_status":"open","ping_status":"open","sticky":false,"template":"","format":"standard","meta":{"footnotes":""},"categories":[12],"tags":[],"class_list":["post-146963","post","type-post","status-publish","format-standard","has-post-thumbnail","hentry","category-nacionales"],"_links":{"self":[{"href":"https:\/\/www.delibresparaelmundo.com.ar\/index.php\/wp-json\/wp\/v2\/posts\/146963","targetHints":{"allow":["GET"]}}],"collection":[{"href":"https:\/\/www.delibresparaelmundo.com.ar\/index.php\/wp-json\/wp\/v2\/posts"}],"about":[{"href":"https:\/\/www.delibresparaelmundo.com.ar\/index.php\/wp-json\/wp\/v2\/types\/post"}],"author":[{"embeddable":true,"href":"https:\/\/www.delibresparaelmundo.com.ar\/index.php\/wp-json\/wp\/v2\/users\/1"}],"replies":[{"embeddable":true,"href":"https:\/\/www.delibresparaelmundo.com.ar\/index.php\/wp-json\/wp\/v2\/comments?post=146963"}],"version-history":[{"count":0,"href":"https:\/\/www.delibresparaelmundo.com.ar\/index.php\/wp-json\/wp\/v2\/posts\/146963\/revisions"}],"wp:featuredmedia":[{"embeddable":true,"href":"https:\/\/www.delibresparaelmundo.com.ar\/index.php\/wp-json\/wp\/v2\/media\/146964"}],"wp:attachment":[{"href":"https:\/\/www.delibresparaelmundo.com.ar\/index.php\/wp-json\/wp\/v2\/media?parent=146963"}],"wp:term":[{"taxonomy":"category","embeddable":true,"href":"https:\/\/www.delibresparaelmundo.com.ar\/index.php\/wp-json\/wp\/v2\/categories?post=146963"},{"taxonomy":"post_tag","embeddable":true,"href":"https:\/\/www.delibresparaelmundo.com.ar\/index.php\/wp-json\/wp\/v2\/tags?post=146963"}],"curies":[{"name":"wp","href":"https:\/\/api.w.org\/{rel}","templated":true}]}}