{"id":146966,"date":"2026-09-05T15:41:04","date_gmt":"2026-09-05T18:41:04","guid":{"rendered":"https:\/\/www.delibresparaelmundo.com.ar\/index.php\/2026\/09\/05\/triple-crimen-de-florencio-varela-a-casi-un-ano-de-los-asesinatos-hay-cuatro-nuevos-detenidos\/"},"modified":"2026-09-05T15:41:04","modified_gmt":"2026-09-05T18:41:04","slug":"triple-crimen-de-florencio-varela-a-casi-un-ano-de-los-asesinatos-hay-cuatro-nuevos-detenidos","status":"publish","type":"post","link":"https:\/\/www.delibresparaelmundo.com.ar\/index.php\/2026\/09\/05\/triple-crimen-de-florencio-varela-a-casi-un-ano-de-los-asesinatos-hay-cuatro-nuevos-detenidos\/","title":{"rendered":"Triple crimen de Florencio Varela: a casi un a\u00f1o de los asesinatos hay cuatro nuevos detenidos"},"content":{"rendered":"<ul>\n<li>Las detenciones se concretaron este s\u00e1bado por orden del juez federal de Mor\u00f3n Jorge Rodr\u00edguez, quien dispuso un estricto secreto de sumario en la causa.<\/li>\n<li>Los procedimientos se llevaron a cabo en CABA y provincia de Buenos Aires.<\/li>\n<li>C\u00f3mo llegaron hasta estos sospechosos y que les secuestraron.<\/li>\n<\/ul>\n<p>Las detenciones se concretaron este s\u00e1bado por orden del juez federal de Mor\u00f3n Jorge Rodr\u00edguez, quien dispuso un estricto secreto de sumario en la causa.Los procedimientos se llevaron a cabo en CABA y provincia de Buenos Aires.C\u00f3mo llegaron hasta estos sospechosos y que les secuestraron.<\/p>","protected":false},"excerpt":{"rendered":"<p>Las detenciones se concretaron este s\u00e1bado por orden del juez federal de Mor\u00f3n Jorge Rodr\u00edguez, quien dispuso un estricto secreto de sumario en la causa. Los procedimientos se llevaron a cabo en CABA y provincia de Buenos Aires. C\u00f3mo llegaron hasta estos sospechosos y que les secuestraron. Las detenciones se concretaron este s\u00e1bado por orden [&hellip;]<\/p>\n","protected":false},"author":1,"featured_media":146967,"comment_status":"open","ping_status":"open","sticky":false,"template":"","format":"standard","meta":{"footnotes":""},"categories":[12],"tags":[],"class_list":["post-146966","post","type-post","status-publish","format-standard","has-post-thumbnail","hentry","category-nacionales"],"_links":{"self":[{"href":"https:\/\/www.delibresparaelmundo.com.ar\/index.php\/wp-json\/wp\/v2\/posts\/146966","targetHints":{"allow":["GET"]}}],"collection":[{"href":"https:\/\/www.delibresparaelmundo.com.ar\/index.php\/wp-json\/wp\/v2\/posts"}],"about":[{"href":"https:\/\/www.delibresparaelmundo.com.ar\/index.php\/wp-json\/wp\/v2\/types\/post"}],"author":[{"embeddable":true,"href":"https:\/\/www.delibresparaelmundo.com.ar\/index.php\/wp-json\/wp\/v2\/users\/1"}],"replies":[{"embeddable":true,"href":"https:\/\/www.delibresparaelmundo.com.ar\/index.php\/wp-json\/wp\/v2\/comments?post=146966"}],"version-history":[{"count":0,"href":"https:\/\/www.delibresparaelmundo.com.ar\/index.php\/wp-json\/wp\/v2\/posts\/146966\/revisions"}],"wp:featuredmedia":[{"embeddable":true,"href":"https:\/\/www.delibresparaelmundo.com.ar\/index.php\/wp-json\/wp\/v2\/media\/146967"}],"wp:attachment":[{"href":"https:\/\/www.delibresparaelmundo.com.ar\/index.php\/wp-json\/wp\/v2\/media?parent=146966"}],"wp:term":[{"taxonomy":"category","embeddable":true,"href":"https:\/\/www.delibresparaelmundo.com.ar\/index.php\/wp-json\/wp\/v2\/categories?post=146966"},{"taxonomy":"post_tag","embeddable":true,"href":"https:\/\/www.delibresparaelmundo.com.ar\/index.php\/wp-json\/wp\/v2\/tags?post=146966"}],"curies":[{"name":"wp","href":"https:\/\/api.w.org\/{rel}","templated":true}]}}