{"id":146974,"date":"2026-09-06T03:41:06","date_gmt":"2026-09-06T06:41:06","guid":{"rendered":"https:\/\/www.delibresparaelmundo.com.ar\/index.php\/2026\/09\/06\/por-que-no-me-despertaron-benjamin-netanyahu-acusa-a-sus-custodios-por-no-informarlo-de-los-ataques-de-octubre-de-2023\/"},"modified":"2026-09-06T03:41:06","modified_gmt":"2026-09-06T06:41:06","slug":"por-que-no-me-despertaron-benjamin-netanyahu-acusa-a-sus-custodios-por-no-informarlo-de-los-ataques-de-octubre-de-2023","status":"publish","type":"post","link":"https:\/\/www.delibresparaelmundo.com.ar\/index.php\/2026\/09\/06\/por-que-no-me-despertaron-benjamin-netanyahu-acusa-a-sus-custodios-por-no-informarlo-de-los-ataques-de-octubre-de-2023\/","title":{"rendered":"\u00ab\u00bfPor qu\u00e9 no me despertaron?\u00bb: Benjamin Netanyahu acusa a sus custodios por no informarlo de los ataques de octubre de 2023"},"content":{"rendered":"<ul>\n<li>El primer ministro de Israel dijo que no se le avis\u00f3 en el momento del in\u00e9dito asalto comando de Hamas. <\/li>\n<li>Su esposa, a la vez, insinu\u00f3 una traici\u00f3n de los servicios de seguridad. Pol\u00e9mica y acusaciones de la oposici\u00f3n. \u00bfTeor\u00eda conspirativa o campa\u00f1a electoral?<\/li>\n<\/ul>\n<p>El primer ministro de Israel dijo que no se le avis\u00f3 en el momento del in\u00e9dito asalto comando de Hamas. Su esposa, a la vez, insinu\u00f3 una traici\u00f3n de los servicios de seguridad. Pol\u00e9mica y acusaciones de la oposici\u00f3n. \u00bfTeor\u00eda conspirativa o campa\u00f1a electoral?<\/p>","protected":false},"excerpt":{"rendered":"<p>El primer ministro de Israel dijo que no se le avis\u00f3 en el momento del in\u00e9dito asalto comando de Hamas. Su esposa, a la vez, insinu\u00f3 una traici\u00f3n de los servicios de seguridad. Pol\u00e9mica y acusaciones de la oposici\u00f3n. \u00bfTeor\u00eda conspirativa o campa\u00f1a electoral? El primer ministro de Israel dijo que no se le avis\u00f3 [&hellip;]<\/p>\n","protected":false},"author":1,"featured_media":0,"comment_status":"open","ping_status":"open","sticky":false,"template":"","format":"standard","meta":{"footnotes":""},"categories":[623],"tags":[],"class_list":["post-146974","post","type-post","status-publish","format-standard","has-post-thumbnail","hentry","category-internacionales"],"_links":{"self":[{"href":"https:\/\/www.delibresparaelmundo.com.ar\/index.php\/wp-json\/wp\/v2\/posts\/146974","targetHints":{"allow":["GET"]}}],"collection":[{"href":"https:\/\/www.delibresparaelmundo.com.ar\/index.php\/wp-json\/wp\/v2\/posts"}],"about":[{"href":"https:\/\/www.delibresparaelmundo.com.ar\/index.php\/wp-json\/wp\/v2\/types\/post"}],"author":[{"embeddable":true,"href":"https:\/\/www.delibresparaelmundo.com.ar\/index.php\/wp-json\/wp\/v2\/users\/1"}],"replies":[{"embeddable":true,"href":"https:\/\/www.delibresparaelmundo.com.ar\/index.php\/wp-json\/wp\/v2\/comments?post=146974"}],"version-history":[{"count":0,"href":"https:\/\/www.delibresparaelmundo.com.ar\/index.php\/wp-json\/wp\/v2\/posts\/146974\/revisions"}],"wp:attachment":[{"href":"https:\/\/www.delibresparaelmundo.com.ar\/index.php\/wp-json\/wp\/v2\/media?parent=146974"}],"wp:term":[{"taxonomy":"category","embeddable":true,"href":"https:\/\/www.delibresparaelmundo.com.ar\/index.php\/wp-json\/wp\/v2\/categories?post=146974"},{"taxonomy":"post_tag","embeddable":true,"href":"https:\/\/www.delibresparaelmundo.com.ar\/index.php\/wp-json\/wp\/v2\/tags?post=146974"}],"curies":[{"name":"wp","href":"https:\/\/api.w.org\/{rel}","templated":true}]}}