{"id":146976,"date":"2026-09-06T03:41:06","date_gmt":"2026-09-06T06:41:06","guid":{"rendered":"https:\/\/www.delibresparaelmundo.com.ar\/index.php\/2026\/09\/06\/la-sombra-de-donald-trump-el-giro-de-javier-millei-y-una-apuesta-de-alto-impacto-para-salir-del-encierro\/"},"modified":"2026-09-06T03:41:06","modified_gmt":"2026-09-06T06:41:06","slug":"la-sombra-de-donald-trump-el-giro-de-javier-millei-y-una-apuesta-de-alto-impacto-para-salir-del-encierro","status":"publish","type":"post","link":"https:\/\/www.delibresparaelmundo.com.ar\/index.php\/2026\/09\/06\/la-sombra-de-donald-trump-el-giro-de-javier-millei-y-una-apuesta-de-alto-impacto-para-salir-del-encierro\/","title":{"rendered":"La sombra de Donald Trump, el giro de Javier Millei y una apuesta de alto impacto para salir del encierro"},"content":{"rendered":"<ul>\n<li>La causa Malvinas despert\u00f3 movimientos impensados en el Gobierno. Qu\u00e9 hay detr\u00e1s, por qu\u00e9 el Presidente convoca a la oposici\u00f3n y cu\u00e1les son las principales especulaciones.<\/li>\n<\/ul>\n<p>La causa Malvinas despert\u00f3 movimientos impensados en el Gobierno. Qu\u00e9 hay detr\u00e1s, por qu\u00e9 el Presidente convoca a la oposici\u00f3n y cu\u00e1les son las principales especulaciones.<\/p>","protected":false},"excerpt":{"rendered":"<p>La causa Malvinas despert\u00f3 movimientos impensados en el Gobierno. Qu\u00e9 hay detr\u00e1s, por qu\u00e9 el Presidente convoca a la oposici\u00f3n y cu\u00e1les son las principales especulaciones. La causa Malvinas despert\u00f3 movimientos impensados en el Gobierno. Qu\u00e9 hay detr\u00e1s, por qu\u00e9 el Presidente convoca a la oposici\u00f3n y cu\u00e1les son las principales especulaciones.<\/p>\n","protected":false},"author":1,"featured_media":146977,"comment_status":"open","ping_status":"open","sticky":false,"template":"","format":"standard","meta":{"footnotes":""},"categories":[12],"tags":[],"class_list":["post-146976","post","type-post","status-publish","format-standard","has-post-thumbnail","hentry","category-nacionales"],"_links":{"self":[{"href":"https:\/\/www.delibresparaelmundo.com.ar\/index.php\/wp-json\/wp\/v2\/posts\/146976","targetHints":{"allow":["GET"]}}],"collection":[{"href":"https:\/\/www.delibresparaelmundo.com.ar\/index.php\/wp-json\/wp\/v2\/posts"}],"about":[{"href":"https:\/\/www.delibresparaelmundo.com.ar\/index.php\/wp-json\/wp\/v2\/types\/post"}],"author":[{"embeddable":true,"href":"https:\/\/www.delibresparaelmundo.com.ar\/index.php\/wp-json\/wp\/v2\/users\/1"}],"replies":[{"embeddable":true,"href":"https:\/\/www.delibresparaelmundo.com.ar\/index.php\/wp-json\/wp\/v2\/comments?post=146976"}],"version-history":[{"count":0,"href":"https:\/\/www.delibresparaelmundo.com.ar\/index.php\/wp-json\/wp\/v2\/posts\/146976\/revisions"}],"wp:featuredmedia":[{"embeddable":true,"href":"https:\/\/www.delibresparaelmundo.com.ar\/index.php\/wp-json\/wp\/v2\/media\/146977"}],"wp:attachment":[{"href":"https:\/\/www.delibresparaelmundo.com.ar\/index.php\/wp-json\/wp\/v2\/media?parent=146976"}],"wp:term":[{"taxonomy":"category","embeddable":true,"href":"https:\/\/www.delibresparaelmundo.com.ar\/index.php\/wp-json\/wp\/v2\/categories?post=146976"},{"taxonomy":"post_tag","embeddable":true,"href":"https:\/\/www.delibresparaelmundo.com.ar\/index.php\/wp-json\/wp\/v2\/tags?post=146976"}],"curies":[{"name":"wp","href":"https:\/\/api.w.org\/{rel}","templated":true}]}}