{"id":146982,"date":"2026-09-06T03:41:07","date_gmt":"2026-09-06T06:41:07","guid":{"rendered":"https:\/\/www.delibresparaelmundo.com.ar\/index.php\/2026\/09\/06\/louta-y-joaquin-levinton-cambian-de-escenario-y-se-suman-a-la-nueva-comedia-que-protagoniza-nicolas-furtado\/"},"modified":"2026-09-06T03:41:07","modified_gmt":"2026-09-06T06:41:07","slug":"louta-y-joaquin-levinton-cambian-de-escenario-y-se-suman-a-la-nueva-comedia-que-protagoniza-nicolas-furtado","status":"publish","type":"post","link":"https:\/\/www.delibresparaelmundo.com.ar\/index.php\/2026\/09\/06\/louta-y-joaquin-levinton-cambian-de-escenario-y-se-suman-a-la-nueva-comedia-que-protagoniza-nicolas-furtado\/","title":{"rendered":"Louta y Joaqu\u00edn Levinton cambian de escenario y se suman a la nueva comedia que protagoniza Nicol\u00e1s Furtado"},"content":{"rendered":"<ul>\n<li>Los m\u00fasicos ser\u00e1n parte de <em>Escondida en mi cabeza<\/em>, la nueva comedia dirigida por Lucas Vivo Garc\u00eda Lagos.<\/li>\n<li>Se estrena el 1 de octubre en cines.<\/li>\n<\/ul>\n<p>Los m\u00fasicos ser\u00e1n parte de Escondida en mi cabeza, la nueva comedia dirigida por Lucas Vivo Garc\u00eda Lagos.Se estrena el 1 de octubre en cines.<\/p>","protected":false},"excerpt":{"rendered":"<p>Los m\u00fasicos ser\u00e1n parte de Escondida en mi cabeza, la nueva comedia dirigida por Lucas Vivo Garc\u00eda Lagos. Se estrena el 1 de octubre en cines. Los m\u00fasicos ser\u00e1n parte de Escondida en mi cabeza, la nueva comedia dirigida por Lucas Vivo Garc\u00eda Lagos.Se estrena el 1 de octubre en cines.<\/p>\n","protected":false},"author":1,"featured_media":0,"comment_status":"open","ping_status":"open","sticky":false,"template":"","format":"standard","meta":{"footnotes":""},"categories":[4],"tags":[],"class_list":["post-146982","post","type-post","status-publish","format-standard","has-post-thumbnail","hentry","category-espectaculo"],"_links":{"self":[{"href":"https:\/\/www.delibresparaelmundo.com.ar\/index.php\/wp-json\/wp\/v2\/posts\/146982","targetHints":{"allow":["GET"]}}],"collection":[{"href":"https:\/\/www.delibresparaelmundo.com.ar\/index.php\/wp-json\/wp\/v2\/posts"}],"about":[{"href":"https:\/\/www.delibresparaelmundo.com.ar\/index.php\/wp-json\/wp\/v2\/types\/post"}],"author":[{"embeddable":true,"href":"https:\/\/www.delibresparaelmundo.com.ar\/index.php\/wp-json\/wp\/v2\/users\/1"}],"replies":[{"embeddable":true,"href":"https:\/\/www.delibresparaelmundo.com.ar\/index.php\/wp-json\/wp\/v2\/comments?post=146982"}],"version-history":[{"count":0,"href":"https:\/\/www.delibresparaelmundo.com.ar\/index.php\/wp-json\/wp\/v2\/posts\/146982\/revisions"}],"wp:attachment":[{"href":"https:\/\/www.delibresparaelmundo.com.ar\/index.php\/wp-json\/wp\/v2\/media?parent=146982"}],"wp:term":[{"taxonomy":"category","embeddable":true,"href":"https:\/\/www.delibresparaelmundo.com.ar\/index.php\/wp-json\/wp\/v2\/categories?post=146982"},{"taxonomy":"post_tag","embeddable":true,"href":"https:\/\/www.delibresparaelmundo.com.ar\/index.php\/wp-json\/wp\/v2\/tags?post=146982"}],"curies":[{"name":"wp","href":"https:\/\/api.w.org\/{rel}","templated":true}]}}